{"id":2567,"date":"2014-01-27T21:56:59","date_gmt":"2014-01-27T20:56:59","guid":{"rendered":"http:\/\/www.entremont.org\/?p=2567"},"modified":"2020-11-09T21:20:28","modified_gmt":"2020-11-09T20:20:28","slug":"colette","status":"publish","type":"post","link":"https:\/\/www.entremont.org\/?p=2567","title":{"rendered":"Colette"},"content":{"rendered":"<p align=\"center\">C&rsquo;est avec beaucoup de tristesse que nous vous informons du d\u00e9c\u00e8s de Colette Bailly\u00a0.<\/p>\n<p align=\"center\">Elle nous a quitt\u00e9 subitement \u00a0ce dimanche 26 Janvier 2014.<\/p>\n<p align=\"center\">Colette \u00e9tait la doyenne de notre club et elle \u00e9tait pr\u00e9sente \u00e0 toutes les sorties du club effectu\u00e9es ses dix derni\u00e8res ann\u00e9es.<\/p>\n<p>Maman de Carole notre pr\u00e9sidente et grand m\u00e8re de Laodice et Thomas qui suivent les cours tous les mercredi.<\/p>\n<p style=\"text-align: center;\">Nous aurons \u00e0 coeur d &lsquo;etre pr\u00e9sents autour de JEAN-PIERRE, CAROLE, \u00a0RODRIGUE, MARIE-CECILE, THOMAS ET LAODICE , les obs\u00e8ques auront \u00a0lieu jeudi 30 janvier \u00e0 10h30 \u00e0 Entremont.<\/p>\n<p style=\"text-align: center;\">Merci par avance de votre participation<\/p>\n<p style=\"text-align: center;\"><a href=\"https:\/\/www.entremont.org\/wp-content\/uploads\/2014\/01\/BAILLY-COLETTE1.png\"><img fetchpriority=\"high\" decoding=\"async\" class=\"aligncenter size-full wp-image-2568\" src=\"https:\/\/www.entremont.org\/wp-content\/uploads\/2014\/01\/BAILLY-COLETTE1.png\" alt=\"BAILLY-COLETTE1\" width=\"437\" height=\"657\" srcset=\"https:\/\/www.entremont.org\/wp-content\/uploads\/2014\/01\/BAILLY-COLETTE1.png 437w, https:\/\/www.entremont.org\/wp-content\/uploads\/2014\/01\/BAILLY-COLETTE1-199x300.png 199w\" sizes=\"(max-width: 437px) 100vw, 437px\" \/><\/a><\/p>\n","protected":false},"excerpt":{"rendered":"<p>C&rsquo;est avec beaucoup de tristesse que nous vous informons du d\u00e9c\u00e8s de Colette Bailly\u00a0. Elle nous a quitt\u00e9 subitement \u00a0ce dimanche 26 Janvier 2014. Colette \u00e9tait la doyenne de notre club et elle \u00e9tait pr\u00e9sente \u00e0 toutes les sorties du club effectu\u00e9es ses dix derni\u00e8res ann\u00e9es. Maman de Carole notre pr\u00e9sidente et grand m\u00e8re de [&hellip;]<\/p>\n","protected":false},"author":1,"featured_media":2568,"comment_status":"open","ping_status":"open","sticky":false,"template":"","format":"standard","meta":{"footnotes":""},"categories":[106,4],"tags":[145,144,22],"class_list":["post-2567","post","type-post","status-publish","format-standard","has-post-thumbnail","hentry","category-ils-nous-ont-quittes","category-actualites","tag-bally","tag-colette","tag-entremont"],"yoast_head":"<!-- This site is optimized with the Yoast SEO plugin v27.1.1 - https:\/\/yoast.com\/product\/yoast-seo-wordpress\/ -->\n<title>Colette - Ski-Club d&#039;Entremont<\/title>\n<meta name=\"description\" content=\"D\u00e9c\u00e8s de Colette Bailly\" \/>\n<meta name=\"robots\" content=\"index, follow, max-snippet:-1, max-image-preview:large, max-video-preview:-1\" \/>\n<link rel=\"canonical\" href=\"https:\/\/www.entremont.org\/?p=2567\" \/>\n<meta property=\"og:locale\" content=\"fr_FR\" \/>\n<meta property=\"og:type\" content=\"article\" \/>\n<meta property=\"og:title\" content=\"Colette - Ski-Club d&#039;Entremont\" \/>\n<meta property=\"og:description\" content=\"D\u00e9c\u00e8s de Colette Bailly\" \/>\n<meta property=\"og:url\" content=\"https:\/\/www.entremont.org\/?p=2567\" \/>\n<meta property=\"og:site_name\" content=\"Ski-Club d&#039;Entremont\" \/>\n<meta property=\"article:published_time\" content=\"2014-01-27T20:56:59+00:00\" \/>\n<meta property=\"article:modified_time\" content=\"2020-11-09T20:20:28+00:00\" \/>\n<meta property=\"og:image\" content=\"https:\/\/www.entremont.org\/wp-content\/uploads\/2014\/01\/BAILLY-COLETTE1.png\" \/>\n\t<meta property=\"og:image:width\" content=\"437\" \/>\n\t<meta property=\"og:image:height\" content=\"657\" \/>\n\t<meta property=\"og:image:type\" content=\"image\/png\" \/>\n<meta name=\"author\" content=\"Ski Club d&#039;Entremont\" \/>\n<meta name=\"twitter:label1\" content=\"\u00c9crit par\" \/>\n\t<meta name=\"twitter:data1\" content=\"Ski Club d&#039;Entremont\" \/>\n\t<meta name=\"twitter:label2\" content=\"Dur\u00e9e de lecture estim\u00e9e\" \/>\n\t<meta name=\"twitter:data2\" content=\"1 minute\" \/>\n<script type=\"application\/ld+json\" class=\"yoast-schema-graph\">{\"@context\":\"https:\/\/schema.org\",\"@graph\":[{\"@type\":\"Article\",\"@id\":\"https:\/\/www.entremont.org\/?p=2567#article\",\"isPartOf\":{\"@id\":\"https:\/\/www.entremont.org\/?p=2567\"},\"author\":{\"name\":\"Ski Club d'Entremont\",\"@id\":\"https:\/\/www.entremont.org\/#\/schema\/person\/0b2ea69259c185a630c1573ac0f79d2b\"},\"headline\":\"Colette\",\"datePublished\":\"2014-01-27T20:56:59+00:00\",\"dateModified\":\"2020-11-09T20:20:28+00:00\",\"mainEntityOfPage\":{\"@id\":\"https:\/\/www.entremont.org\/?p=2567\"},\"wordCount\":103,\"commentCount\":1,\"publisher\":{\"@id\":\"https:\/\/www.entremont.org\/#organization\"},\"image\":{\"@id\":\"https:\/\/www.entremont.org\/?p=2567#primaryimage\"},\"thumbnailUrl\":\"https:\/\/www.entremont.org\/wp-content\/uploads\/2014\/01\/BAILLY-COLETTE1.png\",\"keywords\":[\"bally\",\"colette\",\"Entremont\"],\"articleSection\":[\"Ils nous ont quitt\u00e9s\",\"Toutes les Actualit\u00e9s\"],\"inLanguage\":\"fr-FR\",\"potentialAction\":[{\"@type\":\"CommentAction\",\"name\":\"Comment\",\"target\":[\"https:\/\/www.entremont.org\/?p=2567#respond\"]}]},{\"@type\":\"WebPage\",\"@id\":\"https:\/\/www.entremont.org\/?p=2567\",\"url\":\"https:\/\/www.entremont.org\/?p=2567\",\"name\":\"Colette - Ski-Club d&#039;Entremont\",\"isPartOf\":{\"@id\":\"https:\/\/www.entremont.org\/#website\"},\"primaryImageOfPage\":{\"@id\":\"https:\/\/www.entremont.org\/?p=2567#primaryimage\"},\"image\":{\"@id\":\"https:\/\/www.entremont.org\/?p=2567#primaryimage\"},\"thumbnailUrl\":\"https:\/\/www.entremont.org\/wp-content\/uploads\/2014\/01\/BAILLY-COLETTE1.png\",\"datePublished\":\"2014-01-27T20:56:59+00:00\",\"dateModified\":\"2020-11-09T20:20:28+00:00\",\"description\":\"D\u00e9c\u00e8s de Colette Bailly\",\"breadcrumb\":{\"@id\":\"https:\/\/www.entremont.org\/?p=2567#breadcrumb\"},\"inLanguage\":\"fr-FR\",\"potentialAction\":[{\"@type\":\"ReadAction\",\"target\":[\"https:\/\/www.entremont.org\/?p=2567\"]}]},{\"@type\":\"ImageObject\",\"inLanguage\":\"fr-FR\",\"@id\":\"https:\/\/www.entremont.org\/?p=2567#primaryimage\",\"url\":\"https:\/\/www.entremont.org\/wp-content\/uploads\/2014\/01\/BAILLY-COLETTE1.png\",\"contentUrl\":\"https:\/\/www.entremont.org\/wp-content\/uploads\/2014\/01\/BAILLY-COLETTE1.png\",\"width\":437,\"height\":657},{\"@type\":\"BreadcrumbList\",\"@id\":\"https:\/\/www.entremont.org\/?p=2567#breadcrumb\",\"itemListElement\":[{\"@type\":\"ListItem\",\"position\":1,\"name\":\"Accueil\",\"item\":\"https:\/\/www.entremont.org\/\"},{\"@type\":\"ListItem\",\"position\":2,\"name\":\"Colette\"}]},{\"@type\":\"WebSite\",\"@id\":\"https:\/\/www.entremont.org\/#website\",\"url\":\"https:\/\/www.entremont.org\/\",\"name\":\"Ski-Club d&#039;Entremont\",\"description\":\"Cours de ski et sortie depuis 1938\",\"publisher\":{\"@id\":\"https:\/\/www.entremont.org\/#organization\"},\"potentialAction\":[{\"@type\":\"SearchAction\",\"target\":{\"@type\":\"EntryPoint\",\"urlTemplate\":\"https:\/\/www.entremont.org\/?s={search_term_string}\"},\"query-input\":{\"@type\":\"PropertyValueSpecification\",\"valueRequired\":true,\"valueName\":\"search_term_string\"}}],\"inLanguage\":\"fr-FR\"},{\"@type\":\"Organization\",\"@id\":\"https:\/\/www.entremont.org\/#organization\",\"name\":\"Ski-Club d&#039;Entremont\",\"url\":\"https:\/\/www.entremont.org\/\",\"logo\":{\"@type\":\"ImageObject\",\"inLanguage\":\"fr-FR\",\"@id\":\"https:\/\/www.entremont.org\/#\/schema\/logo\/image\/\",\"url\":\"https:\/\/www.entremont.org\/wp-content\/uploads\/2014\/08\/Logo-ski-club.png\",\"contentUrl\":\"https:\/\/www.entremont.org\/wp-content\/uploads\/2014\/08\/Logo-ski-club.png\",\"width\":800,\"height\":114,\"caption\":\"Ski-Club d&#039;Entremont\"},\"image\":{\"@id\":\"https:\/\/www.entremont.org\/#\/schema\/logo\/image\/\"}},{\"@type\":\"Person\",\"@id\":\"https:\/\/www.entremont.org\/#\/schema\/person\/0b2ea69259c185a630c1573ac0f79d2b\",\"name\":\"Ski Club d'Entremont\",\"image\":{\"@type\":\"ImageObject\",\"inLanguage\":\"fr-FR\",\"@id\":\"https:\/\/www.entremont.org\/#\/schema\/person\/image\/\",\"url\":\"https:\/\/secure.gravatar.com\/avatar\/cfe1f173502c3897766ba31dcd7309c498f88f1fd9153c1a8c3b9984bd33b979?s=96&d=mm&r=g\",\"contentUrl\":\"https:\/\/secure.gravatar.com\/avatar\/cfe1f173502c3897766ba31dcd7309c498f88f1fd9153c1a8c3b9984bd33b979?s=96&d=mm&r=g\",\"caption\":\"Ski Club d'Entremont\"},\"url\":\"https:\/\/www.entremont.org\/?author=1\"}]}<\/script>\n<!-- \/ Yoast SEO plugin. -->","yoast_head_json":{"title":"Colette - Ski-Club d&#039;Entremont","description":"D\u00e9c\u00e8s de Colette Bailly","robots":{"index":"index","follow":"follow","max-snippet":"max-snippet:-1","max-image-preview":"max-image-preview:large","max-video-preview":"max-video-preview:-1"},"canonical":"https:\/\/www.entremont.org\/?p=2567","og_locale":"fr_FR","og_type":"article","og_title":"Colette - Ski-Club d&#039;Entremont","og_description":"D\u00e9c\u00e8s de Colette Bailly","og_url":"https:\/\/www.entremont.org\/?p=2567","og_site_name":"Ski-Club d&#039;Entremont","article_published_time":"2014-01-27T20:56:59+00:00","article_modified_time":"2020-11-09T20:20:28+00:00","og_image":[{"width":437,"height":657,"url":"https:\/\/www.entremont.org\/wp-content\/uploads\/2014\/01\/BAILLY-COLETTE1.png","type":"image\/png"}],"author":"Ski Club d'Entremont","twitter_misc":{"\u00c9crit par":"Ski Club d'Entremont","Dur\u00e9e de lecture estim\u00e9e":"1 minute"},"schema":{"@context":"https:\/\/schema.org","@graph":[{"@type":"Article","@id":"https:\/\/www.entremont.org\/?p=2567#article","isPartOf":{"@id":"https:\/\/www.entremont.org\/?p=2567"},"author":{"name":"Ski Club d'Entremont","@id":"https:\/\/www.entremont.org\/#\/schema\/person\/0b2ea69259c185a630c1573ac0f79d2b"},"headline":"Colette","datePublished":"2014-01-27T20:56:59+00:00","dateModified":"2020-11-09T20:20:28+00:00","mainEntityOfPage":{"@id":"https:\/\/www.entremont.org\/?p=2567"},"wordCount":103,"commentCount":1,"publisher":{"@id":"https:\/\/www.entremont.org\/#organization"},"image":{"@id":"https:\/\/www.entremont.org\/?p=2567#primaryimage"},"thumbnailUrl":"https:\/\/www.entremont.org\/wp-content\/uploads\/2014\/01\/BAILLY-COLETTE1.png","keywords":["bally","colette","Entremont"],"articleSection":["Ils nous ont quitt\u00e9s","Toutes les Actualit\u00e9s"],"inLanguage":"fr-FR","potentialAction":[{"@type":"CommentAction","name":"Comment","target":["https:\/\/www.entremont.org\/?p=2567#respond"]}]},{"@type":"WebPage","@id":"https:\/\/www.entremont.org\/?p=2567","url":"https:\/\/www.entremont.org\/?p=2567","name":"Colette - Ski-Club d&#039;Entremont","isPartOf":{"@id":"https:\/\/www.entremont.org\/#website"},"primaryImageOfPage":{"@id":"https:\/\/www.entremont.org\/?p=2567#primaryimage"},"image":{"@id":"https:\/\/www.entremont.org\/?p=2567#primaryimage"},"thumbnailUrl":"https:\/\/www.entremont.org\/wp-content\/uploads\/2014\/01\/BAILLY-COLETTE1.png","datePublished":"2014-01-27T20:56:59+00:00","dateModified":"2020-11-09T20:20:28+00:00","description":"D\u00e9c\u00e8s de Colette Bailly","breadcrumb":{"@id":"https:\/\/www.entremont.org\/?p=2567#breadcrumb"},"inLanguage":"fr-FR","potentialAction":[{"@type":"ReadAction","target":["https:\/\/www.entremont.org\/?p=2567"]}]},{"@type":"ImageObject","inLanguage":"fr-FR","@id":"https:\/\/www.entremont.org\/?p=2567#primaryimage","url":"https:\/\/www.entremont.org\/wp-content\/uploads\/2014\/01\/BAILLY-COLETTE1.png","contentUrl":"https:\/\/www.entremont.org\/wp-content\/uploads\/2014\/01\/BAILLY-COLETTE1.png","width":437,"height":657},{"@type":"BreadcrumbList","@id":"https:\/\/www.entremont.org\/?p=2567#breadcrumb","itemListElement":[{"@type":"ListItem","position":1,"name":"Accueil","item":"https:\/\/www.entremont.org\/"},{"@type":"ListItem","position":2,"name":"Colette"}]},{"@type":"WebSite","@id":"https:\/\/www.entremont.org\/#website","url":"https:\/\/www.entremont.org\/","name":"Ski-Club d&#039;Entremont","description":"Cours de ski et sortie depuis 1938","publisher":{"@id":"https:\/\/www.entremont.org\/#organization"},"potentialAction":[{"@type":"SearchAction","target":{"@type":"EntryPoint","urlTemplate":"https:\/\/www.entremont.org\/?s={search_term_string}"},"query-input":{"@type":"PropertyValueSpecification","valueRequired":true,"valueName":"search_term_string"}}],"inLanguage":"fr-FR"},{"@type":"Organization","@id":"https:\/\/www.entremont.org\/#organization","name":"Ski-Club d&#039;Entremont","url":"https:\/\/www.entremont.org\/","logo":{"@type":"ImageObject","inLanguage":"fr-FR","@id":"https:\/\/www.entremont.org\/#\/schema\/logo\/image\/","url":"https:\/\/www.entremont.org\/wp-content\/uploads\/2014\/08\/Logo-ski-club.png","contentUrl":"https:\/\/www.entremont.org\/wp-content\/uploads\/2014\/08\/Logo-ski-club.png","width":800,"height":114,"caption":"Ski-Club d&#039;Entremont"},"image":{"@id":"https:\/\/www.entremont.org\/#\/schema\/logo\/image\/"}},{"@type":"Person","@id":"https:\/\/www.entremont.org\/#\/schema\/person\/0b2ea69259c185a630c1573ac0f79d2b","name":"Ski Club d'Entremont","image":{"@type":"ImageObject","inLanguage":"fr-FR","@id":"https:\/\/www.entremont.org\/#\/schema\/person\/image\/","url":"https:\/\/secure.gravatar.com\/avatar\/cfe1f173502c3897766ba31dcd7309c498f88f1fd9153c1a8c3b9984bd33b979?s=96&d=mm&r=g","contentUrl":"https:\/\/secure.gravatar.com\/avatar\/cfe1f173502c3897766ba31dcd7309c498f88f1fd9153c1a8c3b9984bd33b979?s=96&d=mm&r=g","caption":"Ski Club d'Entremont"},"url":"https:\/\/www.entremont.org\/?author=1"}]}},"_links":{"self":[{"href":"https:\/\/www.entremont.org\/index.php?rest_route=\/wp\/v2\/posts\/2567","targetHints":{"allow":["GET"]}}],"collection":[{"href":"https:\/\/www.entremont.org\/index.php?rest_route=\/wp\/v2\/posts"}],"about":[{"href":"https:\/\/www.entremont.org\/index.php?rest_route=\/wp\/v2\/types\/post"}],"author":[{"embeddable":true,"href":"https:\/\/www.entremont.org\/index.php?rest_route=\/wp\/v2\/users\/1"}],"replies":[{"embeddable":true,"href":"https:\/\/www.entremont.org\/index.php?rest_route=%2Fwp%2Fv2%2Fcomments&post=2567"}],"version-history":[{"count":3,"href":"https:\/\/www.entremont.org\/index.php?rest_route=\/wp\/v2\/posts\/2567\/revisions"}],"predecessor-version":[{"id":7259,"href":"https:\/\/www.entremont.org\/index.php?rest_route=\/wp\/v2\/posts\/2567\/revisions\/7259"}],"wp:featuredmedia":[{"embeddable":true,"href":"https:\/\/www.entremont.org\/index.php?rest_route=\/wp\/v2\/media\/2568"}],"wp:attachment":[{"href":"https:\/\/www.entremont.org\/index.php?rest_route=%2Fwp%2Fv2%2Fmedia&parent=2567"}],"wp:term":[{"taxonomy":"category","embeddable":true,"href":"https:\/\/www.entremont.org\/index.php?rest_route=%2Fwp%2Fv2%2Fcategories&post=2567"},{"taxonomy":"post_tag","embeddable":true,"href":"https:\/\/www.entremont.org\/index.php?rest_route=%2Fwp%2Fv2%2Ftags&post=2567"}],"curies":[{"name":"wp","href":"https:\/\/api.w.org\/{rel}","templated":true}]}}