{"id":6376,"date":"2019-02-02T21:37:26","date_gmt":"2019-02-02T20:37:26","guid":{"rendered":"http:\/\/www.entremont.org\/?p=6376"},"modified":"2019-02-08T21:58:50","modified_gmt":"2019-02-08T20:58:50","slug":"sortie-au-grand-massif-2","status":"publish","type":"post","link":"https:\/\/www.entremont.org\/?p=6376","title":{"rendered":"Sortie au Grand Massif"},"content":{"rendered":"<div id=\"pl-6376\"  class=\"panel-layout\" >\n<div id=\"pg-6376-0\"  class=\"panel-grid panel-no-style\"  data-style=\"{&quot;background_image_attachment&quot;:false,&quot;background_display&quot;:&quot;tile&quot;,&quot;cell_alignment&quot;:&quot;flex-start&quot;}\" >\n<div id=\"pgc-6376-0-0\"  class=\"panel-grid-cell\"  data-weight=\"0.65\" >\n<div id=\"panel-6376-0-0-0\" class=\"so-panel widget widget_sow-editor panel-first-child panel-last-child\" data-index=\"0\" data-style=\"{&quot;background_image_attachment&quot;:false,&quot;background_display&quot;:&quot;tile&quot;}\" >\n<div class=\"so-widget-sow-editor so-widget-sow-editor-base\">\n<div class=\"siteorigin-widget-tinymce textwidget\">\n<p style=\"text-align: center;\"><span style=\"font-size: 18pt;\"><strong><span style=\"font-family: arial, helvetica, sans-serif;\">Dimanche\u00a017 F\u00e9vrier 2019<\/span><\/strong><\/span><\/p>\n<p style=\"text-align: center;\"><span style=\"font-size: 18pt;\"><em><span style=\"font-family: arial, helvetica, sans-serif;\">Sortie ski &#8211; promenade au Grand Massif<\/span><\/em><\/span><\/p>\n<\/div>\n<\/div>\n<\/div>\n<\/div>\n<div id=\"pgc-6376-0-1\"  class=\"panel-grid-cell\"  data-weight=\"0.35\" >\n<div id=\"panel-6376-0-1-0\" class=\"so-panel widget widget_sow-editor panel-first-child panel-last-child\" data-index=\"1\" data-style=\"{&quot;background_image_attachment&quot;:false,&quot;background_display&quot;:&quot;tile&quot;}\" >\n<div class=\"so-widget-sow-editor so-widget-sow-editor-base\">\n<div class=\"siteorigin-widget-tinymce textwidget\">\n<p><img decoding=\"async\" class=\" wp-image-6287 aligncenter\" src=\"https:\/\/www.entremont.org\/wp-content\/uploads\/2018\/10\/le-grand-massif.jpg\" alt=\"\" width=\"200\" height=\"138\" data-id=\"6287\"\/><\/p>\n<\/div>\n<\/div>\n<\/div>\n<\/div>\n<\/div>\n<div id=\"pg-6376-1\"  class=\"panel-grid panel-no-style\"  data-style=\"{&quot;background_image_attachment&quot;:false,&quot;background_display&quot;:&quot;tile&quot;,&quot;cell_alignment&quot;:&quot;flex-start&quot;}\" >\n<div id=\"pgc-6376-1-0\"  class=\"panel-grid-cell\"  data-weight=\"0.64982296438778\" >\n<div id=\"panel-6376-1-0-0\" class=\"so-panel widget widget_sow-editor panel-first-child panel-last-child\" data-index=\"2\" data-style=\"{&quot;background_image_attachment&quot;:false,&quot;background_display&quot;:&quot;tile&quot;}\" >\n<div class=\"so-widget-sow-editor so-widget-sow-editor-base\">\n<div class=\"siteorigin-widget-tinymce textwidget\">\n<p style=\"text-align: center;\"><strong>LE GRAND MASSIF, 5 STATIONS, UN TERRAIN DE JEUX IMMENSE !<\/strong><br \/>Le domaine du Grand Massif est parmi les plus grands domaines skiables des Alpes fran\u00e7aises, avec des pistes adapt\u00e9es \u00e0 tous les niveaux et un sommet culminant \u00e0 2 500 m\u00e8tres daltitude.<br \/>Il comprend la station \u00ab grand ski \u00bb de Flaine et les stations-villages des Carroz, Samo\u00ebns, Morillon et Sixt-Fer-\u00e0-Cheval pour convenir \u00e0 toutes les envies et \u00e0 tous les styles !<br \/>Entour\u00e9 de paysages grandioses, le Grand Massif fait face au Mont-Blanc, offrant un panorama \u00e0 couper le souffle sur lensemble des cha\u00eenes alpines environnantes.<br \/>Le Grand Massif poss\u00e8de 144 pistes balis\u00e9es (17 bleues, 60 vertes, 53 rouges et 14 noires) et interconnect\u00e9es, un d\u00e9nivel\u00e9 cumul\u00e9 qui alimente les fantasmes des skieurs du monde entier (800 m\u00e8tres pour la c\u00e9l\u00e8bre combe de Gers) et des kilom\u00e8tres de glisse sur pas moins de 1 800 m de d\u00e9nivel\u00e9 pour varier les plaisirs \u00e0 l&rsquo;infini !<br \/>Tout le domaine skiable a \u00e9t\u00e9 d&rsquo;ailleurs con\u00e7u aussi bien pour les skieurs chevronn\u00e9s, les adeptes d&rsquo;espaces vierges et de ski nature que pour les d\u00e9butants et les enfants.<br \/>Tous les plaisirs se c\u00f4toient sur le GRAND MASSIF !<\/p>\n<p style=\"text-align: center;\"><strong><span style=\"font-family: arial, helvetica, sans-serif;\">Le d\u00e9part se fera de la station de Morillons pour finir en fin de journ\u00e9e aux Carroz<\/span><\/strong><\/p>\n<\/div>\n<\/div>\n<\/div>\n<\/div>\n<div id=\"pgc-6376-1-1\"  class=\"panel-grid-cell\"  data-weight=\"0.35017703561222\" >\n<div id=\"panel-6376-1-1-0\" class=\"so-panel widget widget_sow-editor panel-first-child panel-last-child\" data-index=\"3\" data-style=\"{&quot;background_image_attachment&quot;:false,&quot;background_display&quot;:&quot;tile&quot;,&quot;border_color&quot;:&quot;#4e8abf&quot;}\" >\n<div class=\"panel-widget-style panel-widget-style-for-6376-1-1-0\" >\n<div class=\"so-widget-sow-editor so-widget-sow-editor-base\">\n<h3 class=\"widget-title\">&nbsp;Infos stations:<\/h3>\n<div class=\"siteorigin-widget-tinymce textwidget\">\n<div class=\"siteorigin-widget-tinymce textwidget\">\n<div class=\"siteorigin-widget-tinymce textwidget\">\n<div class=\"siteorigin-widget-tinymce textwidget\">\n<div title=\"Page 48\">\n<div>\n<div>\n<div title=\"Page 63\">\n<div>\n<div style=\"text-align: center;\"><span style=\"font-family: arial, helvetica, sans-serif;\"><strong><span style=\"font-size: 14pt;\">157 pistes &#8211;&nbsp;&nbsp;180 km <\/span><\/strong><\/span><\/div>\n<div style=\"text-align: center;\"><span style=\"font-family: arial, helvetica, sans-serif;\"><strong><span style=\"font-size: 14pt;\">&nbsp;80 remont\u00e9es m\u00e9caniques<\/span><\/strong><\/span><\/div>\n<\/div>\n<\/div>\n<\/div>\n<\/div>\n<\/div>\n<h2 style=\"text-align: center;\"><span style=\"font-family: arial, helvetica, sans-serif;\"><strong><span style=\"font-size: 14pt;\"><a href=\"https:\/\/hiver.grand-massif.com\/grand-massif\" target=\"_blank\" rel=\"noopener\">Site Officiel <\/a><\/span><\/strong><\/span><\/h2>\n<\/div>\n<\/div>\n<\/div>\n<\/div>\n<\/div>\n<\/div>\n<\/div>\n<\/div>\n<\/div>\n<div id=\"pg-6376-2\"  class=\"panel-grid panel-no-style\" >\n<div id=\"pgc-6376-2-0\"  class=\"panel-grid-cell\"  data-weight=\"1\" >\n<div id=\"panel-6376-2-0-0\" class=\"so-panel widget widget_sow-editor panel-first-child panel-last-child\" data-index=\"4\" data-style=\"{&quot;background_image_attachment&quot;:false,&quot;background_display&quot;:&quot;tile&quot;}\" >\n<div class=\"so-widget-sow-editor so-widget-sow-editor-base\">\n<h3 class=\"widget-title\">Photos des anciennes sorties<\/h3>\n<div class=\"siteorigin-widget-tinymce textwidget\">\n<div class=\"siteorigin-widget-tinymce textwidget\">\n<div class=\"page\" style=\"text-align: center;\" title=\"Page 48\">\n<p><iframe title=\"Sortie au Grand Massif\" width=\"800\" height=\"450\" src=\"https:\/\/www.youtube.com\/embed\/IF7a_VB_3UM?feature=oembed\" frameborder=\"0\" allow=\"accelerometer; autoplay; clipboard-write; encrypted-media; gyroscope; picture-in-picture\" allowfullscreen><\/iframe><\/p>\n<\/div>\n<\/div>\n<\/div>\n<\/div>\n<\/div>\n<\/div>\n<\/div>\n<div id=\"pg-6376-3\"  class=\"panel-grid panel-no-style\"  data-style=\"{&quot;background_image_attachment&quot;:false,&quot;background_display&quot;:&quot;tile&quot;,&quot;cell_alignment&quot;:&quot;flex-start&quot;}\"  data-ratio=\"1\"  data-ratio-direction=\"right\" >\n<div id=\"pgc-6376-3-0\"  class=\"panel-grid-cell\"  data-weight=\"0.33333333333333\" >\n<div id=\"panel-6376-3-0-0\" class=\"so-panel widget widget_sow-editor panel-first-child panel-last-child\" data-index=\"5\" data-style=\"{&quot;background_image_attachment&quot;:false,&quot;background_display&quot;:&quot;tile&quot;}\" >\n<div class=\"so-widget-sow-editor so-widget-sow-editor-base\">\n<div class=\"siteorigin-widget-tinymce textwidget\">\n<div class=\"page\" title=\"Page 48\">\n<div class=\"layoutArea\">\n<div class=\"column\">\n<div class=\"page\" title=\"Page 63\">\n<div class=\"layoutArea\">\n<div class=\"column\">&nbsp;<\/div>\n<\/div>\n<\/div>\n<\/div>\n<\/div>\n<\/div>\n<p style=\"text-align: center;\"><span style=\"font-size: 18pt; font-family: 'arial black', sans-serif;\">Rendez vous&nbsp;:<\/span><\/p>\n<p style=\"text-align: center;\"><span style=\"font-size: 18pt; font-family: 'arial black', sans-serif;\">Entremont \u00e0 7h45<\/span><\/p>\n<p style=\"text-align: center;\">&nbsp;<\/p>\n<\/div>\n<\/div>\n<\/div>\n<\/div>\n<div id=\"pgc-6376-3-1\"  class=\"panel-grid-cell\"  data-weight=\"0.33333333333333\" >\n<div id=\"panel-6376-3-1-0\" class=\"so-panel widget widget_sow-editor panel-first-child panel-last-child\" data-index=\"6\" data-style=\"{&quot;background_image_attachment&quot;:false,&quot;background_display&quot;:&quot;tile&quot;,&quot;border_color&quot;:&quot;#578fbf&quot;}\" >\n<div class=\"panel-widget-style panel-widget-style-for-6376-3-1-0\" >\n<div class=\"so-widget-sow-editor so-widget-sow-editor-base\">\n<div class=\"siteorigin-widget-tinymce textwidget\">\n<p style=\"text-align: center;\"><span style=\"font-size: 18pt; font-family: arial, helvetica, sans-serif;\"><strong>Tarif :<\/strong><\/span><\/p>\n<p style=\"text-align: center;\"><span style=\"font-family: arial, helvetica, sans-serif;\"><strong>Adultes :&nbsp;25\u20ac &#8211;<\/strong><strong>&nbsp;Enfants : 22,50\u20ac <\/strong><\/span><\/p>\n<p style=\"text-align: center;\"><span style=\"font-family: arial, helvetica, sans-serif;\"><strong>Promeneurs : 7\u20ac &#8211;&nbsp;<\/strong><strong>Non adh\u00e9rent :&nbsp;48\u20ac&nbsp;<\/strong><\/span><\/p>\n<p style=\"text-align: center;\"><span style=\"font-family: arial, helvetica, sans-serif;\">Incluant le <span style=\"font-family: 'arial black', sans-serif;\"><strong><span style=\"text-decoration: underline;\">forfait<\/span><\/strong><\/span> et le <span style=\"text-decoration: underline; font-family: 'arial black', sans-serif;\"><strong>transport<\/strong><\/span><\/span><\/p>\n<p style=\"text-align: center;\"><span style=\"font-family: arial, helvetica, sans-serif;\">Pr\u00e9voir son repas de midi<\/span><\/p>\n<\/div>\n<\/div>\n<\/div>\n<\/div>\n<\/div>\n<div id=\"pgc-6376-3-2\"  class=\"panel-grid-cell\"  data-weight=\"0.33333333333333\" >\n<div id=\"panel-6376-3-2-0\" class=\"so-panel widget widget_sow-editor panel-first-child panel-last-child\" data-index=\"7\" data-style=\"{&quot;background_image_attachment&quot;:false,&quot;background_display&quot;:&quot;tile&quot;}\" >\n<div class=\"so-widget-sow-editor so-widget-sow-editor-base\">\n<div class=\"siteorigin-widget-tinymce textwidget\">\n<p><a href=\"https:\/\/doodle.com\/poll\/ncw87swyqszm6ek7\" target=\"_blank\" rel=\"noopener\"><img decoding=\"async\" class=\"aligncenter wp-image-3644\" src=\"https:\/\/www.entremont.org\/wp-content\/uploads\/2014\/12\/inscription.png\" alt=\"\" width=\"200\" height=\"121\" data-id=\"3644\" srcset=\"https:\/\/www.entremont.org\/wp-content\/uploads\/2014\/12\/inscription.png 275w, https:\/\/www.entremont.org\/wp-content\/uploads\/2014\/12\/inscription-272x166.png 272w\" sizes=\"(max-width: 200px) 100vw, 200px\" \/><\/a><\/p>\n<\/div>\n<\/div>\n<\/div>\n<\/div>\n<\/div>\n<div id=\"pg-6376-4\"  class=\"panel-grid panel-no-style\"  data-style=\"{&quot;background_image_attachment&quot;:false,&quot;background_display&quot;:&quot;tile&quot;,&quot;cell_alignment&quot;:&quot;flex-start&quot;}\"  data-ratio=\"1\"  data-ratio-direction=\"right\" >\n<div id=\"pgc-6376-4-0\"  class=\"panel-grid-cell\"  data-weight=\"1\" >\n<div id=\"panel-6376-4-0-0\" class=\"so-panel widget widget_sow-editor panel-first-child panel-last-child\" data-index=\"8\" data-style=\"{&quot;background_image_attachment&quot;:false,&quot;background_display&quot;:&quot;tile&quot;}\" >\n<div class=\"so-widget-sow-editor so-widget-sow-editor-base\">\n<div class=\"siteorigin-widget-tinymce textwidget\">\n<div class=\"page\" title=\"Page 48\">\n<div class=\"layoutArea\">\n<div class=\"column\">\n<div class=\"page\" title=\"Page 63\">\n<div class=\"layoutArea\">&nbsp;<\/div>\n<\/div>\n<\/div>\n<\/div>\n<\/div>\n<p style=\"text-align: center;\"><span style=\"font-family: arial, helvetica, sans-serif;\"><em>Inscription obligatoire limit\u00e9e \u00e0 48 personnes \u2013 Un trop faible nombre de participants nous contraindrait \u00e0 reporter ou \u00e0 annuler d\u00e9finitivement cette sortie. 20&nbsp;participants sont&nbsp;n\u00e9cessaires pour rendre cette sortie possible. Inscription et d\u00e9sinscription jusqu\u2019au Vendredi pr\u00e9c\u00e9dent la sortie avant 15H30 ( pour la r\u00e9servation du bus et des forfaits ).<\/em><\/span><\/p>\n<\/div>\n<\/div>\n<\/div>\n<\/div>\n<\/div>\n<\/div>\n","protected":false},"excerpt":{"rendered":"<p>Dimanche\u00a017 F\u00e9vrier 2019 Sortie ski &#8211; promenade au Grand Massif LE GRAND MASSIF, 5 STATIONS, UN TERRAIN DE JEUX IMMENSE !Le domaine du Grand Massif est parmi les plus grands domaines skiables des Alpes fran\u00e7aises, avec des pistes adapt\u00e9es \u00e0 tous les niveaux et un sommet culminant \u00e0 2 500 m\u00e8tres daltitude.Il comprend la station [&hellip;]<\/p>\n","protected":false},"author":1,"featured_media":0,"comment_status":"closed","ping_status":"open","sticky":false,"template":"","format":"standard","meta":{"footnotes":""},"categories":[5,4],"tags":[],"class_list":["post-6376","post","type-post","status-publish","format-standard","hentry","category-sortie","category-actualites"],"yoast_head":"<!-- This site is optimized with the Yoast SEO plugin v27.1.1 - https:\/\/yoast.com\/product\/yoast-seo-wordpress\/ -->\n<title>Sortie au Grand Massif - Ski-Club d&#039;Entremont<\/title>\n<meta name=\"robots\" content=\"index, follow, max-snippet:-1, max-image-preview:large, max-video-preview:-1\" \/>\n<link rel=\"canonical\" href=\"https:\/\/www.entremont.org\/?p=6376\" \/>\n<meta property=\"og:locale\" content=\"fr_FR\" \/>\n<meta property=\"og:type\" content=\"article\" \/>\n<meta property=\"og:title\" content=\"Sortie au Grand Massif - Ski-Club d&#039;Entremont\" \/>\n<meta property=\"og:description\" content=\"Dimanche\u00a017 F\u00e9vrier 2019 Sortie ski &#8211; promenade au Grand Massif LE GRAND MASSIF, 5 STATIONS, UN TERRAIN DE JEUX IMMENSE !Le domaine du Grand Massif est parmi les plus grands domaines skiables des Alpes fran\u00e7aises, avec des pistes adapt\u00e9es \u00e0 tous les niveaux et un sommet culminant \u00e0 2 500 m\u00e8tres daltitude.Il comprend la station [&hellip;]\" \/>\n<meta property=\"og:url\" content=\"https:\/\/www.entremont.org\/?p=6376\" \/>\n<meta property=\"og:site_name\" content=\"Ski-Club d&#039;Entremont\" \/>\n<meta property=\"article:published_time\" content=\"2019-02-02T20:37:26+00:00\" \/>\n<meta property=\"article:modified_time\" content=\"2019-02-08T20:58:50+00:00\" \/>\n<meta property=\"og:image\" content=\"http:\/\/www.entremont.org\/wp-content\/uploads\/2018\/10\/le-grand-massif.jpg\" \/>\n<meta name=\"author\" content=\"Ski Club d&#039;Entremont\" \/>\n<meta name=\"twitter:label1\" content=\"\u00c9crit par\" \/>\n\t<meta name=\"twitter:data1\" content=\"Ski Club d&#039;Entremont\" \/>\n\t<meta name=\"twitter:label2\" content=\"Dur\u00e9e de lecture estim\u00e9e\" \/>\n\t<meta name=\"twitter:data2\" content=\"2 minutes\" \/>\n<script type=\"application\/ld+json\" class=\"yoast-schema-graph\">{\"@context\":\"https:\/\/schema.org\",\"@graph\":[{\"@type\":\"Article\",\"@id\":\"https:\/\/www.entremont.org\/?p=6376#article\",\"isPartOf\":{\"@id\":\"https:\/\/www.entremont.org\/?p=6376\"},\"author\":{\"name\":\"Ski Club d'Entremont\",\"@id\":\"https:\/\/www.entremont.org\/#\/schema\/person\/0b2ea69259c185a630c1573ac0f79d2b\"},\"headline\":\"Sortie au Grand Massif\",\"datePublished\":\"2019-02-02T20:37:26+00:00\",\"dateModified\":\"2019-02-08T20:58:50+00:00\",\"mainEntityOfPage\":{\"@id\":\"https:\/\/www.entremont.org\/?p=6376\"},\"wordCount\":344,\"publisher\":{\"@id\":\"https:\/\/www.entremont.org\/#organization\"},\"image\":{\"@id\":\"https:\/\/www.entremont.org\/?p=6376#primaryimage\"},\"thumbnailUrl\":\"http:\/\/www.entremont.org\/wp-content\/uploads\/2018\/10\/le-grand-massif.jpg\",\"articleSection\":[\"Actualit\u00e9s des Sorties\",\"Toutes les Actualit\u00e9s\"],\"inLanguage\":\"fr-FR\"},{\"@type\":\"WebPage\",\"@id\":\"https:\/\/www.entremont.org\/?p=6376\",\"url\":\"https:\/\/www.entremont.org\/?p=6376\",\"name\":\"Sortie au Grand Massif - Ski-Club d&#039;Entremont\",\"isPartOf\":{\"@id\":\"https:\/\/www.entremont.org\/#website\"},\"primaryImageOfPage\":{\"@id\":\"https:\/\/www.entremont.org\/?p=6376#primaryimage\"},\"image\":{\"@id\":\"https:\/\/www.entremont.org\/?p=6376#primaryimage\"},\"thumbnailUrl\":\"http:\/\/www.entremont.org\/wp-content\/uploads\/2018\/10\/le-grand-massif.jpg\",\"datePublished\":\"2019-02-02T20:37:26+00:00\",\"dateModified\":\"2019-02-08T20:58:50+00:00\",\"breadcrumb\":{\"@id\":\"https:\/\/www.entremont.org\/?p=6376#breadcrumb\"},\"inLanguage\":\"fr-FR\",\"potentialAction\":[{\"@type\":\"ReadAction\",\"target\":[\"https:\/\/www.entremont.org\/?p=6376\"]}]},{\"@type\":\"ImageObject\",\"inLanguage\":\"fr-FR\",\"@id\":\"https:\/\/www.entremont.org\/?p=6376#primaryimage\",\"url\":\"https:\/\/www.entremont.org\/wp-content\/uploads\/2018\/10\/le-grand-massif.jpg\",\"contentUrl\":\"https:\/\/www.entremont.org\/wp-content\/uploads\/2018\/10\/le-grand-massif.jpg\",\"width\":250,\"height\":173},{\"@type\":\"BreadcrumbList\",\"@id\":\"https:\/\/www.entremont.org\/?p=6376#breadcrumb\",\"itemListElement\":[{\"@type\":\"ListItem\",\"position\":1,\"name\":\"Accueil\",\"item\":\"https:\/\/www.entremont.org\/\"},{\"@type\":\"ListItem\",\"position\":2,\"name\":\"Sortie au Grand Massif\"}]},{\"@type\":\"WebSite\",\"@id\":\"https:\/\/www.entremont.org\/#website\",\"url\":\"https:\/\/www.entremont.org\/\",\"name\":\"Ski-Club d&#039;Entremont\",\"description\":\"Cours de ski et sortie depuis 1938\",\"publisher\":{\"@id\":\"https:\/\/www.entremont.org\/#organization\"},\"potentialAction\":[{\"@type\":\"SearchAction\",\"target\":{\"@type\":\"EntryPoint\",\"urlTemplate\":\"https:\/\/www.entremont.org\/?s={search_term_string}\"},\"query-input\":{\"@type\":\"PropertyValueSpecification\",\"valueRequired\":true,\"valueName\":\"search_term_string\"}}],\"inLanguage\":\"fr-FR\"},{\"@type\":\"Organization\",\"@id\":\"https:\/\/www.entremont.org\/#organization\",\"name\":\"Ski-Club d&#039;Entremont\",\"url\":\"https:\/\/www.entremont.org\/\",\"logo\":{\"@type\":\"ImageObject\",\"inLanguage\":\"fr-FR\",\"@id\":\"https:\/\/www.entremont.org\/#\/schema\/logo\/image\/\",\"url\":\"https:\/\/www.entremont.org\/wp-content\/uploads\/2014\/08\/Logo-ski-club.png\",\"contentUrl\":\"https:\/\/www.entremont.org\/wp-content\/uploads\/2014\/08\/Logo-ski-club.png\",\"width\":800,\"height\":114,\"caption\":\"Ski-Club d&#039;Entremont\"},\"image\":{\"@id\":\"https:\/\/www.entremont.org\/#\/schema\/logo\/image\/\"}},{\"@type\":\"Person\",\"@id\":\"https:\/\/www.entremont.org\/#\/schema\/person\/0b2ea69259c185a630c1573ac0f79d2b\",\"name\":\"Ski Club d'Entremont\",\"image\":{\"@type\":\"ImageObject\",\"inLanguage\":\"fr-FR\",\"@id\":\"https:\/\/www.entremont.org\/#\/schema\/person\/image\/\",\"url\":\"https:\/\/secure.gravatar.com\/avatar\/cfe1f173502c3897766ba31dcd7309c498f88f1fd9153c1a8c3b9984bd33b979?s=96&d=mm&r=g\",\"contentUrl\":\"https:\/\/secure.gravatar.com\/avatar\/cfe1f173502c3897766ba31dcd7309c498f88f1fd9153c1a8c3b9984bd33b979?s=96&d=mm&r=g\",\"caption\":\"Ski Club d'Entremont\"},\"url\":\"https:\/\/www.entremont.org\/?author=1\"}]}<\/script>\n<!-- \/ Yoast SEO plugin. -->","yoast_head_json":{"title":"Sortie au Grand Massif - Ski-Club d&#039;Entremont","robots":{"index":"index","follow":"follow","max-snippet":"max-snippet:-1","max-image-preview":"max-image-preview:large","max-video-preview":"max-video-preview:-1"},"canonical":"https:\/\/www.entremont.org\/?p=6376","og_locale":"fr_FR","og_type":"article","og_title":"Sortie au Grand Massif - Ski-Club d&#039;Entremont","og_description":"Dimanche\u00a017 F\u00e9vrier 2019 Sortie ski &#8211; promenade au Grand Massif LE GRAND MASSIF, 5 STATIONS, UN TERRAIN DE JEUX IMMENSE !Le domaine du Grand Massif est parmi les plus grands domaines skiables des Alpes fran\u00e7aises, avec des pistes adapt\u00e9es \u00e0 tous les niveaux et un sommet culminant \u00e0 2 500 m\u00e8tres daltitude.Il comprend la station [&hellip;]","og_url":"https:\/\/www.entremont.org\/?p=6376","og_site_name":"Ski-Club d&#039;Entremont","article_published_time":"2019-02-02T20:37:26+00:00","article_modified_time":"2019-02-08T20:58:50+00:00","og_image":[{"url":"http:\/\/www.entremont.org\/wp-content\/uploads\/2018\/10\/le-grand-massif.jpg","type":"","width":"","height":""}],"author":"Ski Club d'Entremont","twitter_misc":{"\u00c9crit par":"Ski Club d'Entremont","Dur\u00e9e de lecture estim\u00e9e":"2 minutes"},"schema":{"@context":"https:\/\/schema.org","@graph":[{"@type":"Article","@id":"https:\/\/www.entremont.org\/?p=6376#article","isPartOf":{"@id":"https:\/\/www.entremont.org\/?p=6376"},"author":{"name":"Ski Club d'Entremont","@id":"https:\/\/www.entremont.org\/#\/schema\/person\/0b2ea69259c185a630c1573ac0f79d2b"},"headline":"Sortie au Grand Massif","datePublished":"2019-02-02T20:37:26+00:00","dateModified":"2019-02-08T20:58:50+00:00","mainEntityOfPage":{"@id":"https:\/\/www.entremont.org\/?p=6376"},"wordCount":344,"publisher":{"@id":"https:\/\/www.entremont.org\/#organization"},"image":{"@id":"https:\/\/www.entremont.org\/?p=6376#primaryimage"},"thumbnailUrl":"http:\/\/www.entremont.org\/wp-content\/uploads\/2018\/10\/le-grand-massif.jpg","articleSection":["Actualit\u00e9s des Sorties","Toutes les Actualit\u00e9s"],"inLanguage":"fr-FR"},{"@type":"WebPage","@id":"https:\/\/www.entremont.org\/?p=6376","url":"https:\/\/www.entremont.org\/?p=6376","name":"Sortie au Grand Massif - Ski-Club d&#039;Entremont","isPartOf":{"@id":"https:\/\/www.entremont.org\/#website"},"primaryImageOfPage":{"@id":"https:\/\/www.entremont.org\/?p=6376#primaryimage"},"image":{"@id":"https:\/\/www.entremont.org\/?p=6376#primaryimage"},"thumbnailUrl":"http:\/\/www.entremont.org\/wp-content\/uploads\/2018\/10\/le-grand-massif.jpg","datePublished":"2019-02-02T20:37:26+00:00","dateModified":"2019-02-08T20:58:50+00:00","breadcrumb":{"@id":"https:\/\/www.entremont.org\/?p=6376#breadcrumb"},"inLanguage":"fr-FR","potentialAction":[{"@type":"ReadAction","target":["https:\/\/www.entremont.org\/?p=6376"]}]},{"@type":"ImageObject","inLanguage":"fr-FR","@id":"https:\/\/www.entremont.org\/?p=6376#primaryimage","url":"https:\/\/www.entremont.org\/wp-content\/uploads\/2018\/10\/le-grand-massif.jpg","contentUrl":"https:\/\/www.entremont.org\/wp-content\/uploads\/2018\/10\/le-grand-massif.jpg","width":250,"height":173},{"@type":"BreadcrumbList","@id":"https:\/\/www.entremont.org\/?p=6376#breadcrumb","itemListElement":[{"@type":"ListItem","position":1,"name":"Accueil","item":"https:\/\/www.entremont.org\/"},{"@type":"ListItem","position":2,"name":"Sortie au Grand Massif"}]},{"@type":"WebSite","@id":"https:\/\/www.entremont.org\/#website","url":"https:\/\/www.entremont.org\/","name":"Ski-Club d&#039;Entremont","description":"Cours de ski et sortie depuis 1938","publisher":{"@id":"https:\/\/www.entremont.org\/#organization"},"potentialAction":[{"@type":"SearchAction","target":{"@type":"EntryPoint","urlTemplate":"https:\/\/www.entremont.org\/?s={search_term_string}"},"query-input":{"@type":"PropertyValueSpecification","valueRequired":true,"valueName":"search_term_string"}}],"inLanguage":"fr-FR"},{"@type":"Organization","@id":"https:\/\/www.entremont.org\/#organization","name":"Ski-Club d&#039;Entremont","url":"https:\/\/www.entremont.org\/","logo":{"@type":"ImageObject","inLanguage":"fr-FR","@id":"https:\/\/www.entremont.org\/#\/schema\/logo\/image\/","url":"https:\/\/www.entremont.org\/wp-content\/uploads\/2014\/08\/Logo-ski-club.png","contentUrl":"https:\/\/www.entremont.org\/wp-content\/uploads\/2014\/08\/Logo-ski-club.png","width":800,"height":114,"caption":"Ski-Club d&#039;Entremont"},"image":{"@id":"https:\/\/www.entremont.org\/#\/schema\/logo\/image\/"}},{"@type":"Person","@id":"https:\/\/www.entremont.org\/#\/schema\/person\/0b2ea69259c185a630c1573ac0f79d2b","name":"Ski Club d'Entremont","image":{"@type":"ImageObject","inLanguage":"fr-FR","@id":"https:\/\/www.entremont.org\/#\/schema\/person\/image\/","url":"https:\/\/secure.gravatar.com\/avatar\/cfe1f173502c3897766ba31dcd7309c498f88f1fd9153c1a8c3b9984bd33b979?s=96&d=mm&r=g","contentUrl":"https:\/\/secure.gravatar.com\/avatar\/cfe1f173502c3897766ba31dcd7309c498f88f1fd9153c1a8c3b9984bd33b979?s=96&d=mm&r=g","caption":"Ski Club d'Entremont"},"url":"https:\/\/www.entremont.org\/?author=1"}]}},"_links":{"self":[{"href":"https:\/\/www.entremont.org\/index.php?rest_route=\/wp\/v2\/posts\/6376","targetHints":{"allow":["GET"]}}],"collection":[{"href":"https:\/\/www.entremont.org\/index.php?rest_route=\/wp\/v2\/posts"}],"about":[{"href":"https:\/\/www.entremont.org\/index.php?rest_route=\/wp\/v2\/types\/post"}],"author":[{"embeddable":true,"href":"https:\/\/www.entremont.org\/index.php?rest_route=\/wp\/v2\/users\/1"}],"replies":[{"embeddable":true,"href":"https:\/\/www.entremont.org\/index.php?rest_route=%2Fwp%2Fv2%2Fcomments&post=6376"}],"version-history":[{"count":2,"href":"https:\/\/www.entremont.org\/index.php?rest_route=\/wp\/v2\/posts\/6376\/revisions"}],"predecessor-version":[{"id":6381,"href":"https:\/\/www.entremont.org\/index.php?rest_route=\/wp\/v2\/posts\/6376\/revisions\/6381"}],"wp:attachment":[{"href":"https:\/\/www.entremont.org\/index.php?rest_route=%2Fwp%2Fv2%2Fmedia&parent=6376"}],"wp:term":[{"taxonomy":"category","embeddable":true,"href":"https:\/\/www.entremont.org\/index.php?rest_route=%2Fwp%2Fv2%2Fcategories&post=6376"},{"taxonomy":"post_tag","embeddable":true,"href":"https:\/\/www.entremont.org\/index.php?rest_route=%2Fwp%2Fv2%2Ftags&post=6376"}],"curies":[{"name":"wp","href":"https:\/\/api.w.org\/{rel}","templated":true}]}}