{"id":6536,"date":"2019-06-12T15:32:44","date_gmt":"2019-06-12T13:32:44","guid":{"rendered":"http:\/\/www.entremont.org\/?p=6536"},"modified":"2020-11-09T21:18:43","modified_gmt":"2020-11-09T20:18:43","slug":"andre-gustiot","status":"publish","type":"post","link":"https:\/\/www.entremont.org\/?p=6536","title":{"rendered":"Andr\u00e9 Gustiot"},"content":{"rendered":"<h4 style=\"text-align: center;\">Une nouvelle fois notre club a \u00e9t\u00e9 touch\u00e9 et endeuill\u00e9e par la perte d\u2019un &nbsp;ami cher. Andr\u00e9 Gustiot, s\u2019est battu courageusement pendant deux ans contre la maladie et nous a quitt\u00e9 r\u00e9cemment . &nbsp;Il s\u2019\u00e9tait investi b\u00e9n\u00e9volement d\u00e8s le d\u00e9but de la mise en place des cours du mercredi, aupr\u00e8s de Yolande et Bernard, pour les jeunes du village.<\/h4>\n<h4 style=\"text-align: center;\">\nAvec les adultes ce sont les sorties vers les Portes du Soleil, qui n\u2019avaient aucun secret pour lui, qui fesaient l\u2019unanimit\u00e9 chaque ann\u00e9e dans un timing tr\u00e8s pr\u00e9cis aux diff\u00e9rents endroits travers\u00e9s entre France et Suisse. Le coup de fendant face \u00e0 la montagne, le repas au restaurant d\u2019altitude de Torgon\u2019 avec vue sur le lac, et la bi\u00e8re partag\u00e9e sur la derni\u00e8re descente de Morzine. Le tout a ski derri\u00e8re Andr\u00e9, notre moniteur.<\/h4>\n<h4 style=\"text-align: center;\">\nNous garderons de lui le souvenir de sa bont\u00e9 et sa g\u00e9n\u00e9rosit\u00e9 partag\u00e9 par tous ses amis d\u2019Entremont, son village d\u2019adoption o\u00f9 il r\u00e9sidait en alternance avec Geneve.<\/h4>\n<h4 style=\"text-align: center;\">\nIl a retrouv\u00e9 son copain Fernand et notre cher ami Loulou.<\/h4>\n<h4 style=\"text-align: center;\">Au revoir D\u00e9d\u00e9.<\/h4>\n<p><img fetchpriority=\"high\" decoding=\"async\" class=\" wp-image-6537 aligncenter\" src=\"https:\/\/www.entremont.org\/wp-content\/uploads\/2019\/06\/Andr\u00e9-Gustio-1.jpeg\" alt=\"\" width=\"600\" height=\"467\" data-id=\"6537\" srcset=\"https:\/\/www.entremont.org\/wp-content\/uploads\/2019\/06\/Andr\u00e9-Gustio-1.jpeg 768w, https:\/\/www.entremont.org\/wp-content\/uploads\/2019\/06\/Andr\u00e9-Gustio-1-300x233.jpeg 300w, https:\/\/www.entremont.org\/wp-content\/uploads\/2019\/06\/Andr\u00e9-Gustio-1-600x466.jpeg 600w\" sizes=\"(max-width: 600px) 100vw, 600px\" \/><\/p>\n<p><img decoding=\"async\" class=\" wp-image-6538 aligncenter\" src=\"https:\/\/www.entremont.org\/wp-content\/uploads\/2019\/06\/Andr\u00e9-Gustio.jpeg\" alt=\"\" width=\"598\" height=\"444\" data-id=\"6538\"\/><\/p>\n","protected":false},"excerpt":{"rendered":"<p>Une nouvelle fois notre club a \u00e9t\u00e9 touch\u00e9 et endeuill\u00e9e par la perte d\u2019un &nbsp;ami cher. Andr\u00e9 Gustiot, s\u2019est battu courageusement pendant deux ans contre la maladie et nous a quitt\u00e9 r\u00e9cemment . &nbsp;Il s\u2019\u00e9tait investi b\u00e9n\u00e9volement d\u00e8s le d\u00e9but de la mise en place des cours du mercredi, aupr\u00e8s de Yolande et Bernard, pour [&hellip;]<\/p>\n","protected":false},"author":1,"featured_media":6538,"comment_status":"closed","ping_status":"open","sticky":false,"template":"","format":"standard","meta":{"footnotes":""},"categories":[106,4],"tags":[142,22,143],"class_list":["post-6536","post","type-post","status-publish","format-standard","has-post-thumbnail","hentry","category-ils-nous-ont-quittes","category-actualites","tag-andre-gusthiod","tag-entremont","tag-geneve"],"yoast_head":"<!-- This site is optimized with the Yoast SEO plugin v27.1.1 - https:\/\/yoast.com\/product\/yoast-seo-wordpress\/ -->\n<title>Andr\u00e9 Gustiot - Ski-Club d&#039;Entremont<\/title>\n<meta name=\"robots\" content=\"index, follow, max-snippet:-1, max-image-preview:large, max-video-preview:-1\" \/>\n<link rel=\"canonical\" href=\"https:\/\/www.entremont.org\/?p=6536\" \/>\n<meta property=\"og:locale\" content=\"fr_FR\" \/>\n<meta property=\"og:type\" content=\"article\" \/>\n<meta property=\"og:title\" content=\"Andr\u00e9 Gustiot - Ski-Club d&#039;Entremont\" \/>\n<meta property=\"og:description\" content=\"Une nouvelle fois notre club a \u00e9t\u00e9 touch\u00e9 et endeuill\u00e9e par la perte d\u2019un &nbsp;ami cher. Andr\u00e9 Gustiot, s\u2019est battu courageusement pendant deux ans contre la maladie et nous a quitt\u00e9 r\u00e9cemment . &nbsp;Il s\u2019\u00e9tait investi b\u00e9n\u00e9volement d\u00e8s le d\u00e9but de la mise en place des cours du mercredi, aupr\u00e8s de Yolande et Bernard, pour [&hellip;]\" \/>\n<meta property=\"og:url\" content=\"https:\/\/www.entremont.org\/?p=6536\" \/>\n<meta property=\"og:site_name\" content=\"Ski-Club d&#039;Entremont\" \/>\n<meta property=\"article:published_time\" content=\"2019-06-12T13:32:44+00:00\" \/>\n<meta property=\"article:modified_time\" content=\"2020-11-09T20:18:43+00:00\" \/>\n<meta property=\"og:image\" content=\"https:\/\/www.entremont.org\/wp-content\/uploads\/2019\/06\/Andr\u00e9-Gustio-e1604953093124.jpeg\" \/>\n\t<meta property=\"og:image:width\" content=\"245\" \/>\n\t<meta property=\"og:image:height\" content=\"321\" \/>\n\t<meta property=\"og:image:type\" content=\"image\/jpeg\" \/>\n<meta name=\"author\" content=\"Ski Club d&#039;Entremont\" \/>\n<meta name=\"twitter:label1\" content=\"\u00c9crit par\" \/>\n\t<meta name=\"twitter:data1\" content=\"Ski Club d&#039;Entremont\" \/>\n\t<meta name=\"twitter:label2\" content=\"Dur\u00e9e de lecture estim\u00e9e\" \/>\n\t<meta name=\"twitter:data2\" content=\"1 minute\" \/>\n<script type=\"application\/ld+json\" class=\"yoast-schema-graph\">{\"@context\":\"https:\/\/schema.org\",\"@graph\":[{\"@type\":\"Article\",\"@id\":\"https:\/\/www.entremont.org\/?p=6536#article\",\"isPartOf\":{\"@id\":\"https:\/\/www.entremont.org\/?p=6536\"},\"author\":{\"name\":\"Ski Club d'Entremont\",\"@id\":\"https:\/\/www.entremont.org\/#\/schema\/person\/0b2ea69259c185a630c1573ac0f79d2b\"},\"headline\":\"Andr\u00e9 Gustiot\",\"datePublished\":\"2019-06-12T13:32:44+00:00\",\"dateModified\":\"2020-11-09T20:18:43+00:00\",\"mainEntityOfPage\":{\"@id\":\"https:\/\/www.entremont.org\/?p=6536\"},\"wordCount\":205,\"publisher\":{\"@id\":\"https:\/\/www.entremont.org\/#organization\"},\"image\":{\"@id\":\"https:\/\/www.entremont.org\/?p=6536#primaryimage\"},\"thumbnailUrl\":\"https:\/\/www.entremont.org\/wp-content\/uploads\/2019\/06\/Andr\u00e9-Gustio-e1604953093124.jpeg\",\"keywords\":[\"Andr\u00e9 Gusthiod\",\"Entremont\",\"gen\u00e8ve\"],\"articleSection\":[\"Ils nous ont quitt\u00e9s\",\"Toutes les Actualit\u00e9s\"],\"inLanguage\":\"fr-FR\"},{\"@type\":\"WebPage\",\"@id\":\"https:\/\/www.entremont.org\/?p=6536\",\"url\":\"https:\/\/www.entremont.org\/?p=6536\",\"name\":\"Andr\u00e9 Gustiot - Ski-Club d&#039;Entremont\",\"isPartOf\":{\"@id\":\"https:\/\/www.entremont.org\/#website\"},\"primaryImageOfPage\":{\"@id\":\"https:\/\/www.entremont.org\/?p=6536#primaryimage\"},\"image\":{\"@id\":\"https:\/\/www.entremont.org\/?p=6536#primaryimage\"},\"thumbnailUrl\":\"https:\/\/www.entremont.org\/wp-content\/uploads\/2019\/06\/Andr\u00e9-Gustio-e1604953093124.jpeg\",\"datePublished\":\"2019-06-12T13:32:44+00:00\",\"dateModified\":\"2020-11-09T20:18:43+00:00\",\"breadcrumb\":{\"@id\":\"https:\/\/www.entremont.org\/?p=6536#breadcrumb\"},\"inLanguage\":\"fr-FR\",\"potentialAction\":[{\"@type\":\"ReadAction\",\"target\":[\"https:\/\/www.entremont.org\/?p=6536\"]}]},{\"@type\":\"ImageObject\",\"inLanguage\":\"fr-FR\",\"@id\":\"https:\/\/www.entremont.org\/?p=6536#primaryimage\",\"url\":\"https:\/\/www.entremont.org\/wp-content\/uploads\/2019\/06\/Andr\u00e9-Gustio-e1604953093124.jpeg\",\"contentUrl\":\"https:\/\/www.entremont.org\/wp-content\/uploads\/2019\/06\/Andr\u00e9-Gustio-e1604953093124.jpeg\",\"width\":245,\"height\":321},{\"@type\":\"BreadcrumbList\",\"@id\":\"https:\/\/www.entremont.org\/?p=6536#breadcrumb\",\"itemListElement\":[{\"@type\":\"ListItem\",\"position\":1,\"name\":\"Accueil\",\"item\":\"https:\/\/www.entremont.org\/\"},{\"@type\":\"ListItem\",\"position\":2,\"name\":\"Andr\u00e9 Gustiot\"}]},{\"@type\":\"WebSite\",\"@id\":\"https:\/\/www.entremont.org\/#website\",\"url\":\"https:\/\/www.entremont.org\/\",\"name\":\"Ski-Club d&#039;Entremont\",\"description\":\"Cours de ski et sortie depuis 1938\",\"publisher\":{\"@id\":\"https:\/\/www.entremont.org\/#organization\"},\"potentialAction\":[{\"@type\":\"SearchAction\",\"target\":{\"@type\":\"EntryPoint\",\"urlTemplate\":\"https:\/\/www.entremont.org\/?s={search_term_string}\"},\"query-input\":{\"@type\":\"PropertyValueSpecification\",\"valueRequired\":true,\"valueName\":\"search_term_string\"}}],\"inLanguage\":\"fr-FR\"},{\"@type\":\"Organization\",\"@id\":\"https:\/\/www.entremont.org\/#organization\",\"name\":\"Ski-Club d&#039;Entremont\",\"url\":\"https:\/\/www.entremont.org\/\",\"logo\":{\"@type\":\"ImageObject\",\"inLanguage\":\"fr-FR\",\"@id\":\"https:\/\/www.entremont.org\/#\/schema\/logo\/image\/\",\"url\":\"https:\/\/www.entremont.org\/wp-content\/uploads\/2014\/08\/Logo-ski-club.png\",\"contentUrl\":\"https:\/\/www.entremont.org\/wp-content\/uploads\/2014\/08\/Logo-ski-club.png\",\"width\":800,\"height\":114,\"caption\":\"Ski-Club d&#039;Entremont\"},\"image\":{\"@id\":\"https:\/\/www.entremont.org\/#\/schema\/logo\/image\/\"}},{\"@type\":\"Person\",\"@id\":\"https:\/\/www.entremont.org\/#\/schema\/person\/0b2ea69259c185a630c1573ac0f79d2b\",\"name\":\"Ski Club d'Entremont\",\"image\":{\"@type\":\"ImageObject\",\"inLanguage\":\"fr-FR\",\"@id\":\"https:\/\/www.entremont.org\/#\/schema\/person\/image\/\",\"url\":\"https:\/\/secure.gravatar.com\/avatar\/cfe1f173502c3897766ba31dcd7309c498f88f1fd9153c1a8c3b9984bd33b979?s=96&d=mm&r=g\",\"contentUrl\":\"https:\/\/secure.gravatar.com\/avatar\/cfe1f173502c3897766ba31dcd7309c498f88f1fd9153c1a8c3b9984bd33b979?s=96&d=mm&r=g\",\"caption\":\"Ski Club d'Entremont\"},\"url\":\"https:\/\/www.entremont.org\/?author=1\"}]}<\/script>\n<!-- \/ Yoast SEO plugin. -->","yoast_head_json":{"title":"Andr\u00e9 Gustiot - Ski-Club d&#039;Entremont","robots":{"index":"index","follow":"follow","max-snippet":"max-snippet:-1","max-image-preview":"max-image-preview:large","max-video-preview":"max-video-preview:-1"},"canonical":"https:\/\/www.entremont.org\/?p=6536","og_locale":"fr_FR","og_type":"article","og_title":"Andr\u00e9 Gustiot - Ski-Club d&#039;Entremont","og_description":"Une nouvelle fois notre club a \u00e9t\u00e9 touch\u00e9 et endeuill\u00e9e par la perte d\u2019un &nbsp;ami cher. Andr\u00e9 Gustiot, s\u2019est battu courageusement pendant deux ans contre la maladie et nous a quitt\u00e9 r\u00e9cemment . &nbsp;Il s\u2019\u00e9tait investi b\u00e9n\u00e9volement d\u00e8s le d\u00e9but de la mise en place des cours du mercredi, aupr\u00e8s de Yolande et Bernard, pour [&hellip;]","og_url":"https:\/\/www.entremont.org\/?p=6536","og_site_name":"Ski-Club d&#039;Entremont","article_published_time":"2019-06-12T13:32:44+00:00","article_modified_time":"2020-11-09T20:18:43+00:00","og_image":[{"width":245,"height":321,"url":"https:\/\/www.entremont.org\/wp-content\/uploads\/2019\/06\/Andr\u00e9-Gustio-e1604953093124.jpeg","type":"image\/jpeg"}],"author":"Ski Club d'Entremont","twitter_misc":{"\u00c9crit par":"Ski Club d'Entremont","Dur\u00e9e de lecture estim\u00e9e":"1 minute"},"schema":{"@context":"https:\/\/schema.org","@graph":[{"@type":"Article","@id":"https:\/\/www.entremont.org\/?p=6536#article","isPartOf":{"@id":"https:\/\/www.entremont.org\/?p=6536"},"author":{"name":"Ski Club d'Entremont","@id":"https:\/\/www.entremont.org\/#\/schema\/person\/0b2ea69259c185a630c1573ac0f79d2b"},"headline":"Andr\u00e9 Gustiot","datePublished":"2019-06-12T13:32:44+00:00","dateModified":"2020-11-09T20:18:43+00:00","mainEntityOfPage":{"@id":"https:\/\/www.entremont.org\/?p=6536"},"wordCount":205,"publisher":{"@id":"https:\/\/www.entremont.org\/#organization"},"image":{"@id":"https:\/\/www.entremont.org\/?p=6536#primaryimage"},"thumbnailUrl":"https:\/\/www.entremont.org\/wp-content\/uploads\/2019\/06\/Andr\u00e9-Gustio-e1604953093124.jpeg","keywords":["Andr\u00e9 Gusthiod","Entremont","gen\u00e8ve"],"articleSection":["Ils nous ont quitt\u00e9s","Toutes les Actualit\u00e9s"],"inLanguage":"fr-FR"},{"@type":"WebPage","@id":"https:\/\/www.entremont.org\/?p=6536","url":"https:\/\/www.entremont.org\/?p=6536","name":"Andr\u00e9 Gustiot - Ski-Club d&#039;Entremont","isPartOf":{"@id":"https:\/\/www.entremont.org\/#website"},"primaryImageOfPage":{"@id":"https:\/\/www.entremont.org\/?p=6536#primaryimage"},"image":{"@id":"https:\/\/www.entremont.org\/?p=6536#primaryimage"},"thumbnailUrl":"https:\/\/www.entremont.org\/wp-content\/uploads\/2019\/06\/Andr\u00e9-Gustio-e1604953093124.jpeg","datePublished":"2019-06-12T13:32:44+00:00","dateModified":"2020-11-09T20:18:43+00:00","breadcrumb":{"@id":"https:\/\/www.entremont.org\/?p=6536#breadcrumb"},"inLanguage":"fr-FR","potentialAction":[{"@type":"ReadAction","target":["https:\/\/www.entremont.org\/?p=6536"]}]},{"@type":"ImageObject","inLanguage":"fr-FR","@id":"https:\/\/www.entremont.org\/?p=6536#primaryimage","url":"https:\/\/www.entremont.org\/wp-content\/uploads\/2019\/06\/Andr\u00e9-Gustio-e1604953093124.jpeg","contentUrl":"https:\/\/www.entremont.org\/wp-content\/uploads\/2019\/06\/Andr\u00e9-Gustio-e1604953093124.jpeg","width":245,"height":321},{"@type":"BreadcrumbList","@id":"https:\/\/www.entremont.org\/?p=6536#breadcrumb","itemListElement":[{"@type":"ListItem","position":1,"name":"Accueil","item":"https:\/\/www.entremont.org\/"},{"@type":"ListItem","position":2,"name":"Andr\u00e9 Gustiot"}]},{"@type":"WebSite","@id":"https:\/\/www.entremont.org\/#website","url":"https:\/\/www.entremont.org\/","name":"Ski-Club d&#039;Entremont","description":"Cours de ski et sortie depuis 1938","publisher":{"@id":"https:\/\/www.entremont.org\/#organization"},"potentialAction":[{"@type":"SearchAction","target":{"@type":"EntryPoint","urlTemplate":"https:\/\/www.entremont.org\/?s={search_term_string}"},"query-input":{"@type":"PropertyValueSpecification","valueRequired":true,"valueName":"search_term_string"}}],"inLanguage":"fr-FR"},{"@type":"Organization","@id":"https:\/\/www.entremont.org\/#organization","name":"Ski-Club d&#039;Entremont","url":"https:\/\/www.entremont.org\/","logo":{"@type":"ImageObject","inLanguage":"fr-FR","@id":"https:\/\/www.entremont.org\/#\/schema\/logo\/image\/","url":"https:\/\/www.entremont.org\/wp-content\/uploads\/2014\/08\/Logo-ski-club.png","contentUrl":"https:\/\/www.entremont.org\/wp-content\/uploads\/2014\/08\/Logo-ski-club.png","width":800,"height":114,"caption":"Ski-Club d&#039;Entremont"},"image":{"@id":"https:\/\/www.entremont.org\/#\/schema\/logo\/image\/"}},{"@type":"Person","@id":"https:\/\/www.entremont.org\/#\/schema\/person\/0b2ea69259c185a630c1573ac0f79d2b","name":"Ski Club d'Entremont","image":{"@type":"ImageObject","inLanguage":"fr-FR","@id":"https:\/\/www.entremont.org\/#\/schema\/person\/image\/","url":"https:\/\/secure.gravatar.com\/avatar\/cfe1f173502c3897766ba31dcd7309c498f88f1fd9153c1a8c3b9984bd33b979?s=96&d=mm&r=g","contentUrl":"https:\/\/secure.gravatar.com\/avatar\/cfe1f173502c3897766ba31dcd7309c498f88f1fd9153c1a8c3b9984bd33b979?s=96&d=mm&r=g","caption":"Ski Club d'Entremont"},"url":"https:\/\/www.entremont.org\/?author=1"}]}},"_links":{"self":[{"href":"https:\/\/www.entremont.org\/index.php?rest_route=\/wp\/v2\/posts\/6536","targetHints":{"allow":["GET"]}}],"collection":[{"href":"https:\/\/www.entremont.org\/index.php?rest_route=\/wp\/v2\/posts"}],"about":[{"href":"https:\/\/www.entremont.org\/index.php?rest_route=\/wp\/v2\/types\/post"}],"author":[{"embeddable":true,"href":"https:\/\/www.entremont.org\/index.php?rest_route=\/wp\/v2\/users\/1"}],"replies":[{"embeddable":true,"href":"https:\/\/www.entremont.org\/index.php?rest_route=%2Fwp%2Fv2%2Fcomments&post=6536"}],"version-history":[{"count":3,"href":"https:\/\/www.entremont.org\/index.php?rest_route=\/wp\/v2\/posts\/6536\/revisions"}],"predecessor-version":[{"id":7258,"href":"https:\/\/www.entremont.org\/index.php?rest_route=\/wp\/v2\/posts\/6536\/revisions\/7258"}],"wp:featuredmedia":[{"embeddable":true,"href":"https:\/\/www.entremont.org\/index.php?rest_route=\/wp\/v2\/media\/6538"}],"wp:attachment":[{"href":"https:\/\/www.entremont.org\/index.php?rest_route=%2Fwp%2Fv2%2Fmedia&parent=6536"}],"wp:term":[{"taxonomy":"category","embeddable":true,"href":"https:\/\/www.entremont.org\/index.php?rest_route=%2Fwp%2Fv2%2Fcategories&post=6536"},{"taxonomy":"post_tag","embeddable":true,"href":"https:\/\/www.entremont.org\/index.php?rest_route=%2Fwp%2Fv2%2Ftags&post=6536"}],"curies":[{"name":"wp","href":"https:\/\/api.w.org\/{rel}","templated":true}]}}